{"id":799,"global_id":"die-gartenschule.de\/blog?id=799","global_id_lineage":["die-gartenschule.de\/blog?id=799"],"author":"1","status":"publish","date":"2025-11-04 14:39:21","date_utc":"2025-11-04 14:39:21","modified":"2025-11-04 14:39:21","modified_utc":"2025-11-04 14:39:21","url":"https:\/\/die-gartenschule.de\/blog\/?tribe_events=gehoelze-fuer-hecken-und-formale-gaerten","rest_url":"https:\/\/die-gartenschule.de\/blog\/index.php?rest_route=\/tribe\/events\/v1\/events\/799","title":"Geh\u00f6lze f\u00fcr Hecken und formale G\u00e4rten","description":"<p>In diesem Seminar werden sommergr\u00fcne und immergr\u00fcne Geh\u00f6lze vorgestellt, die entweder<br \/>\nschnittvertr\u00e4glich sind oder von Natur aus z. B. schlank oder kugelig wachsen, sodass kaum Schnitt<br \/>\nn\u00f6tig ist. Dieses Pflanzensortiment findet auch in der formalen Gartengestaltung seine Verwendung.<br \/>\nInhalt<br \/>\n\u25a0 Verschiedene Heckensortimente<br \/>\n\u25a0 Ersatz f\u00fcr Buchsbaum<br \/>\n\u25a0 Immergr\u00fcne und laubabwerfende Formschnittgeh\u00f6lze<br \/>\n\u25a0 Kugelig wachsende Geh\u00f6lze<br \/>\n\u25a0 Schnitt: Wie oft? Wann? H\u00f6he? Breite? Verj\u00fcngung m\u00f6glich?<br \/>\n\u25a0 Praxis und \u00dcbungen: Beurteilung von Hecken und Formgeh\u00f6lzen in der Gestaltung und deren<br \/>\nPflegezustand in G\u00e4rten<\/p>","excerpt":"","slug":"gehoelze-fuer-hecken-und-formale-gaerten","image":{"url":"https:\/\/die-gartenschule.de\/blog\/wp-content\/uploads\/2025\/11\/Hecken-Buxus-scaled.jpg","id":800,"extension":"jpg","width":2560,"height":1920,"filesize":2004336,"sizes":{"medium":{"width":300,"height":225,"mime-type":"image\/jpeg","filesize":41105,"url":"https:\/\/die-gartenschule.de\/blog\/wp-content\/uploads\/2025\/11\/Hecken-Buxus-300x225.jpg"},"large":{"width":1024,"height":768,"mime-type":"image\/jpeg","filesize":341207,"url":"https:\/\/die-gartenschule.de\/blog\/wp-content\/uploads\/2025\/11\/Hecken-Buxus-1024x768.jpg"},"thumbnail":{"width":150,"height":150,"mime-type":"image\/jpeg","filesize":24936,"url":"https:\/\/die-gartenschule.de\/blog\/wp-content\/uploads\/2025\/11\/Hecken-Buxus-150x150.jpg"},"medium_large":{"width":768,"height":576,"mime-type":"image\/jpeg","filesize":193596,"url":"https:\/\/die-gartenschule.de\/blog\/wp-content\/uploads\/2025\/11\/Hecken-Buxus-768x576.jpg"},"1536x1536":{"width":1536,"height":1152,"mime-type":"image\/jpeg","filesize":764224,"url":"https:\/\/die-gartenschule.de\/blog\/wp-content\/uploads\/2025\/11\/Hecken-Buxus-1536x1152.jpg"},"2048x2048":{"width":2048,"height":1536,"mime-type":"image\/jpeg","filesize":1332757,"url":"https:\/\/die-gartenschule.de\/blog\/wp-content\/uploads\/2025\/11\/Hecken-Buxus-2048x1536.jpg"},"twentyseventeen-featured-image":{"width":2000,"height":1200,"mime-type":"image\/jpeg","filesize":1030410,"url":"https:\/\/die-gartenschule.de\/blog\/wp-content\/uploads\/2025\/11\/Hecken-Buxus-2000x1200.jpg"},"twentyseventeen-thumbnail-avatar":{"width":100,"height":100,"mime-type":"image\/jpeg","filesize":20880,"url":"https:\/\/die-gartenschule.de\/blog\/wp-content\/uploads\/2025\/11\/Hecken-Buxus-100x100.jpg"}},"original_image":"Hecken-Buxus.jpg"},"all_day":false,"start_date":"2026-09-10 12:00:00","start_date_details":{"year":"2026","month":"09","day":"10","hour":"12","minutes":"00","seconds":"00"},"end_date":"2026-09-11 13:30:00","end_date_details":{"year":"2026","month":"09","day":"11","hour":"13","minutes":"30","seconds":"00"},"utc_start_date":"2026-09-10 12:00:00","utc_start_date_details":{"year":"2026","month":"09","day":"10","hour":"12","minutes":"00","seconds":"00"},"utc_end_date":"2026-09-11 13:30:00","utc_end_date_details":{"year":"2026","month":"09","day":"11","hour":"13","minutes":"30","seconds":"00"},"timezone":"UTC+0","timezone_abbr":"UTC+0","cost":"","cost_details":{"currency_symbol":"","currency_code":"","currency_position":"","values":[]},"website":"https:\/\/gruenberg.bildungsserveragrar.de\/gruenberg\/index.php?detail_id=41252","show_map":false,"show_map_link":true,"hide_from_listings":false,"sticky":false,"featured":false,"categories":[],"tags":[],"venue":{"id":479,"author":"1","status":"publish","date":"2024-01-27 06:54:28","date_utc":"0000-00-00 00:00:00","modified":"2024-01-27 06:54:28","modified_utc":"0000-00-00 00:00:00","url":"https:\/\/die-gartenschule.de\/blog\/?tribe_venue=bildungsstaette-gartenbau-giessener-strasse-47-35305-gruenberg","venue":"Bildungsst\u00e4tte Gartenbau, Gie\u00dfener Stra\u00dfe 47, 35305 Gr\u00fcnberg","slug":"bildungsstaette-gartenbau-giessener-strasse-47-35305-gruenberg","json_ld":{"@type":"Place","name":"Bildungsst\u00e4tte Gartenbau, Gie\u00dfener Stra\u00dfe 47, 35305 Gr\u00fcnberg","description":"","url":"","address":{"@type":"PostalAddress"},"telephone":"","sameAs":""},"show_map":true,"show_map_link":true,"global_id":"die-gartenschule.de\/blog?id=479","global_id_lineage":["die-gartenschule.de\/blog?id=479"]},"organizer":[{"id":480,"author":"1","status":"publish","date":"2024-01-27 06:54:28","date_utc":"0000-00-00 00:00:00","modified":"2024-01-27 06:54:28","modified_utc":"0000-00-00 00:00:00","url":"https:\/\/die-gartenschule.de\/blog\/?tribe_organizer=bildungsstaette-gartenbau-giessener-strasse-47-35305-gruenberg","organizer":"Bildungsst\u00e4tte Gartenbau, Gie\u00dfener Stra\u00dfe 47, 35305 Gr\u00fcnberg","slug":"bildungsstaette-gartenbau-giessener-strasse-47-35305-gruenberg","json_ld":{"@type":"Person","name":"Bildungsst\u00e4tte Gartenbau, Gie\u00dfener Stra\u00dfe 47, 35305 Gr\u00fcnberg","description":"","url":"","telephone":"","email":"","sameAs":""},"global_id":"die-gartenschule.de\/blog?id=480","global_id_lineage":["die-gartenschule.de\/blog?id=480"]}],"custom_fields":[],"json_ld":{"@context":"http:\/\/schema.org","@type":"Event","name":"Geh\u00f6lze f\u00fcr Hecken und formale G\u00e4rten","description":"&lt;p&gt;In diesem Seminar werden sommergr\u00fcne und immergr\u00fcne Geh\u00f6lze vorgestellt, die entweder schnittvertr\u00e4glich sind oder von Natur aus z. B. schlank oder kugelig wachsen, sodass kaum Schnitt n\u00f6tig ist. Dieses Pflanzensortiment &hellip; &lt;\/p&gt;\\n&lt;p class=&quot;link-more&quot;&gt;&lt;a href=&quot;https:\/\/die-gartenschule.de\/blog\/?tribe_events=gehoelze-fuer-hecken-und-formale-gaerten&quot; class=&quot;more-link&quot;&gt;&lt;span class=&quot;screen-reader-text&quot;&gt;\u201eGeh\u00f6lze f\u00fcr Hecken und formale G\u00e4rten\u201c&lt;\/span&gt; weiterlesen&lt;\/a&gt;&lt;\/p&gt;\\n","image":"https:\/\/die-gartenschule.de\/blog\/wp-content\/uploads\/2025\/11\/Hecken-Buxus-scaled.jpg","url":"https:\/\/die-gartenschule.de\/blog\/?tribe_events=gehoelze-fuer-hecken-und-formale-gaerten","eventAttendanceMode":"https:\/\/schema.org\/OfflineEventAttendanceMode","eventStatus":"https:\/\/schema.org\/EventScheduled","startDate":"2026-09-10T12:00:00+00:00","endDate":"2026-09-11T13:30:00+00:00","location":{"@type":"Place","name":"Bildungsst\u00e4tte Gartenbau, Gie\u00dfener Stra\u00dfe 47, 35305 Gr\u00fcnberg","description":"","url":"","address":{"@type":"PostalAddress"},"telephone":"","sameAs":""},"organizer":{"@type":"Person","name":"Bildungsst\u00e4tte Gartenbau, Gie\u00dfener Stra\u00dfe 47, 35305 Gr\u00fcnberg","description":"","url":"","telephone":"","email":"","sameAs":""},"performer":"Organization"},"ticketed":false}