{"id":802,"global_id":"die-gartenschule.de\/blog?id=802","global_id_lineage":["die-gartenschule.de\/blog?id=802"],"author":"1","status":"publish","date":"2025-11-04 14:42:17","date_utc":"2025-11-04 14:42:17","modified":"2025-11-04 14:42:17","modified_utc":"2025-11-04 14:42:17","url":"https:\/\/die-gartenschule.de\/blog\/?tribe_events=der-schattige-garten","rest_url":"https:\/\/die-gartenschule.de\/blog\/index.php?rest_route=\/tribe\/events\/v1\/events\/802","title":"Der schattige Garten","description":"<p>Schatten ist nicht gleich Schatten. Es gibt lichten Schatten, Vollschatten, Schatten durch Geb\u00e4ude<br \/>\noder B\u00e4ume, Morgensonne oder Abendsonne. Wenn Sie bisher gedacht haben, dass dies ihre<br \/>\n&#8222;Problemzonen&#8220; im Garten sind, haben wir die Pflanzenl\u00f6sungen, um diese Bereiche zu Ihren<br \/>\nLieblingsfl\u00e4chen zu wandeln.<br \/>\nInhalt<br \/>\n\u25a0 Schattenqualit\u00e4ten<br \/>\n\u25a0 Boden und Wurzelkonkurrenz<br \/>\n\u25a0 Pflanzenstrategien f\u00fcr den Schatten<br \/>\n\u25a0 Pflanzenauswahl (B\u00e4ume, Str\u00e4ucher, Stauden und Zwiebeln)<br \/>\n\u25a0 Neuanlage und Pflanzen im Bestand<br \/>\n\u25a0 Pflege von schattigen G\u00e4rten<\/p>","excerpt":"","slug":"der-schattige-garten","image":{"url":"https:\/\/die-gartenschule.de\/blog\/wp-content\/uploads\/2025\/11\/Lebensbereich-Gehoelz-Mulch-2-scaled.jpg","id":803,"extension":"jpg","width":2560,"height":1920,"filesize":1642529,"sizes":{"medium":{"width":300,"height":225,"mime-type":"image\/jpeg","filesize":44249,"url":"https:\/\/die-gartenschule.de\/blog\/wp-content\/uploads\/2025\/11\/Lebensbereich-Gehoelz-Mulch-2-300x225.jpg"},"large":{"width":1024,"height":768,"mime-type":"image\/jpeg","filesize":322324,"url":"https:\/\/die-gartenschule.de\/blog\/wp-content\/uploads\/2025\/11\/Lebensbereich-Gehoelz-Mulch-2-1024x768.jpg"},"thumbnail":{"width":150,"height":150,"mime-type":"image\/jpeg","filesize":26715,"url":"https:\/\/die-gartenschule.de\/blog\/wp-content\/uploads\/2025\/11\/Lebensbereich-Gehoelz-Mulch-2-150x150.jpg"},"medium_large":{"width":768,"height":576,"mime-type":"image\/jpeg","filesize":190972,"url":"https:\/\/die-gartenschule.de\/blog\/wp-content\/uploads\/2025\/11\/Lebensbereich-Gehoelz-Mulch-2-768x576.jpg"},"1536x1536":{"width":1536,"height":1152,"mime-type":"image\/jpeg","filesize":676168,"url":"https:\/\/die-gartenschule.de\/blog\/wp-content\/uploads\/2025\/11\/Lebensbereich-Gehoelz-Mulch-2-1536x1152.jpg"},"2048x2048":{"width":2048,"height":1536,"mime-type":"image\/jpeg","filesize":1124997,"url":"https:\/\/die-gartenschule.de\/blog\/wp-content\/uploads\/2025\/11\/Lebensbereich-Gehoelz-Mulch-2-2048x1536.jpg"},"twentyseventeen-featured-image":{"width":2000,"height":1200,"mime-type":"image\/jpeg","filesize":876631,"url":"https:\/\/die-gartenschule.de\/blog\/wp-content\/uploads\/2025\/11\/Lebensbereich-Gehoelz-Mulch-2-2000x1200.jpg"},"twentyseventeen-thumbnail-avatar":{"width":100,"height":100,"mime-type":"image\/jpeg","filesize":22143,"url":"https:\/\/die-gartenschule.de\/blog\/wp-content\/uploads\/2025\/11\/Lebensbereich-Gehoelz-Mulch-2-100x100.jpg"}},"original_image":"Lebensbereich-Gehoelz-Mulch-2.jpg"},"all_day":false,"start_date":"2026-09-11 12:00:00","start_date_details":{"year":"2026","month":"09","day":"11","hour":"12","minutes":"00","seconds":"00"},"end_date":"2026-09-12 13:30:00","end_date_details":{"year":"2026","month":"09","day":"12","hour":"13","minutes":"30","seconds":"00"},"utc_start_date":"2026-09-11 12:00:00","utc_start_date_details":{"year":"2026","month":"09","day":"11","hour":"12","minutes":"00","seconds":"00"},"utc_end_date":"2026-09-12 13:30:00","utc_end_date_details":{"year":"2026","month":"09","day":"12","hour":"13","minutes":"30","seconds":"00"},"timezone":"UTC+0","timezone_abbr":"UTC+0","cost":"","cost_details":{"currency_symbol":"","currency_code":"","currency_position":"","values":[]},"website":"","show_map":false,"show_map_link":true,"hide_from_listings":false,"sticky":false,"featured":false,"categories":[],"tags":[],"venue":{"id":479,"author":"1","status":"publish","date":"2024-01-27 06:54:28","date_utc":"0000-00-00 00:00:00","modified":"2024-01-27 06:54:28","modified_utc":"0000-00-00 00:00:00","url":"https:\/\/die-gartenschule.de\/blog\/?tribe_venue=bildungsstaette-gartenbau-giessener-strasse-47-35305-gruenberg","venue":"Bildungsst\u00e4tte Gartenbau, Gie\u00dfener Stra\u00dfe 47, 35305 Gr\u00fcnberg","slug":"bildungsstaette-gartenbau-giessener-strasse-47-35305-gruenberg","json_ld":{"@type":"Place","name":"Bildungsst\u00e4tte Gartenbau, Gie\u00dfener Stra\u00dfe 47, 35305 Gr\u00fcnberg","description":"","url":"","address":{"@type":"PostalAddress"},"telephone":"","sameAs":""},"show_map":true,"show_map_link":true,"global_id":"die-gartenschule.de\/blog?id=479","global_id_lineage":["die-gartenschule.de\/blog?id=479"]},"organizer":[{"id":480,"author":"1","status":"publish","date":"2024-01-27 06:54:28","date_utc":"0000-00-00 00:00:00","modified":"2024-01-27 06:54:28","modified_utc":"0000-00-00 00:00:00","url":"https:\/\/die-gartenschule.de\/blog\/?tribe_organizer=bildungsstaette-gartenbau-giessener-strasse-47-35305-gruenberg","organizer":"Bildungsst\u00e4tte Gartenbau, Gie\u00dfener Stra\u00dfe 47, 35305 Gr\u00fcnberg","slug":"bildungsstaette-gartenbau-giessener-strasse-47-35305-gruenberg","json_ld":{"@type":"Person","name":"Bildungsst\u00e4tte Gartenbau, Gie\u00dfener Stra\u00dfe 47, 35305 Gr\u00fcnberg","description":"","url":"","telephone":"","email":"","sameAs":""},"global_id":"die-gartenschule.de\/blog?id=480","global_id_lineage":["die-gartenschule.de\/blog?id=480"]}],"custom_fields":[],"json_ld":{"@context":"http:\/\/schema.org","@type":"Event","name":"Der schattige Garten","description":"&lt;p&gt;Schatten ist nicht gleich Schatten. Es gibt lichten Schatten, Vollschatten, Schatten durch Geb\u00e4ude oder B\u00e4ume, Morgensonne oder Abendsonne. Wenn Sie bisher gedacht haben, dass dies ihre &quot;Problemzonen&quot; im Garten sind, &hellip; &lt;\/p&gt;\\n&lt;p class=&quot;link-more&quot;&gt;&lt;a href=&quot;https:\/\/die-gartenschule.de\/blog\/?tribe_events=der-schattige-garten&quot; class=&quot;more-link&quot;&gt;&lt;span class=&quot;screen-reader-text&quot;&gt;\u201eDer schattige Garten\u201c&lt;\/span&gt; weiterlesen&lt;\/a&gt;&lt;\/p&gt;\\n","image":"https:\/\/die-gartenschule.de\/blog\/wp-content\/uploads\/2025\/11\/Lebensbereich-Gehoelz-Mulch-2-scaled.jpg","url":"https:\/\/die-gartenschule.de\/blog\/?tribe_events=der-schattige-garten","eventAttendanceMode":"https:\/\/schema.org\/OfflineEventAttendanceMode","eventStatus":"https:\/\/schema.org\/EventScheduled","startDate":"2026-09-11T12:00:00+00:00","endDate":"2026-09-12T13:30:00+00:00","location":{"@type":"Place","name":"Bildungsst\u00e4tte Gartenbau, Gie\u00dfener Stra\u00dfe 47, 35305 Gr\u00fcnberg","description":"","url":"","address":{"@type":"PostalAddress"},"telephone":"","sameAs":""},"organizer":{"@type":"Person","name":"Bildungsst\u00e4tte Gartenbau, Gie\u00dfener Stra\u00dfe 47, 35305 Gr\u00fcnberg","description":"","url":"","telephone":"","email":"","sameAs":""},"performer":"Organization"},"ticketed":false}