{"id":805,"global_id":"die-gartenschule.de\/blog?id=805","global_id_lineage":["die-gartenschule.de\/blog?id=805"],"author":"1","status":"publish","date":"2025-11-04 14:45:16","date_utc":"2025-11-04 14:45:16","modified":"2025-11-04 14:45:16","modified_utc":"2025-11-04 14:45:16","url":"https:\/\/die-gartenschule.de\/blog\/?tribe_events=gehoelzschnitt-im-oeffentlichen-und-privaten-gruen-3","rest_url":"https:\/\/die-gartenschule.de\/blog\/index.php?rest_route=\/tribe\/events\/v1\/events\/805","title":"Geh\u00f6lzschnitt im \u00f6ffentlichen und privaten Gr\u00fcn","description":"<p>Durch gezielte Schnittma\u00dfnahmen an Zier- und Wildgeh\u00f6lzen wird die nat\u00fcrliche Sch\u00f6nheit<br \/>\nerhalten und die Gesundheit und Bl\u00fcte gef\u00f6rdert. Statt der vermeintlich schnelleren<br \/>\nEinheitsschnitte wird durch selektive Schneidearbeiten der Pflegeaufwand deutlich reduziert. Mit<br \/>\nder Auswahl an klein bleibenden Standardziergeh\u00f6lzen k\u00f6nnen auch kleinste Beet- und<br \/>\nGartensituationen mit wenig Aufwand \u00fcber Jahrzehnte Freude bereiten. Und damit die<br \/>\nHeckenschere auch weiter im Einsatz bleibt, wird der Hecken- und Formschnitt auch ein Teil des<br \/>\nSeminars sein.<br \/>\nInhalt<br \/>\n\u25a0 Theoretische Grundlagen des Geh\u00f6lzschnittes<br \/>\n\u25a0 Schnittfehler und Korrektur<br \/>\n\u25a0 Naturschutzrechtliche und verkehrssicherungspflichtige Aspekte<br \/>\n\u25a0 Material- und Werkzeugkunde<br \/>\n\u25a0 Vorstellung eines kleinw\u00fcchsigen Standardziergeh\u00f6lzsortiments<br \/>\n\u25a0 Praktische \u00dcbungen<\/p>","excerpt":"","slug":"gehoelzschnitt-im-oeffentlichen-und-privaten-gruen-3","image":{"url":"https:\/\/die-gartenschule.de\/blog\/wp-content\/uploads\/2025\/11\/Gehoelzschnitt-Gudrun-3.jpg","id":806,"extension":"jpg","width":1341,"height":872,"filesize":210171,"sizes":{"medium":{"width":300,"height":195,"mime-type":"image\/jpeg","filesize":24324,"url":"https:\/\/die-gartenschule.de\/blog\/wp-content\/uploads\/2025\/11\/Gehoelzschnitt-Gudrun-3-300x195.jpg"},"large":{"width":1024,"height":666,"mime-type":"image\/jpeg","filesize":142225,"url":"https:\/\/die-gartenschule.de\/blog\/wp-content\/uploads\/2025\/11\/Gehoelzschnitt-Gudrun-3-1024x666.jpg"},"thumbnail":{"width":150,"height":150,"mime-type":"image\/jpeg","filesize":14596,"url":"https:\/\/die-gartenschule.de\/blog\/wp-content\/uploads\/2025\/11\/Gehoelzschnitt-Gudrun-3-150x150.jpg"},"medium_large":{"width":768,"height":499,"mime-type":"image\/jpeg","filesize":93138,"url":"https:\/\/die-gartenschule.de\/blog\/wp-content\/uploads\/2025\/11\/Gehoelzschnitt-Gudrun-3-768x499.jpg"},"twentyseventeen-thumbnail-avatar":{"width":100,"height":100,"mime-type":"image\/jpeg","filesize":10788,"url":"https:\/\/die-gartenschule.de\/blog\/wp-content\/uploads\/2025\/11\/Gehoelzschnitt-Gudrun-3-100x100.jpg"}}},"all_day":false,"start_date":"2026-10-27 12:00:00","start_date_details":{"year":"2026","month":"10","day":"27","hour":"12","minutes":"00","seconds":"00"},"end_date":"2026-10-29 13:30:00","end_date_details":{"year":"2026","month":"10","day":"29","hour":"13","minutes":"30","seconds":"00"},"utc_start_date":"2026-10-27 12:00:00","utc_start_date_details":{"year":"2026","month":"10","day":"27","hour":"12","minutes":"00","seconds":"00"},"utc_end_date":"2026-10-29 13:30:00","utc_end_date_details":{"year":"2026","month":"10","day":"29","hour":"13","minutes":"30","seconds":"00"},"timezone":"UTC+0","timezone_abbr":"UTC+0","cost":"","cost_details":{"currency_symbol":"","currency_code":"","currency_position":"","values":[]},"website":"https:\/\/gruenberg.bildungsserveragrar.de\/gruenberg\/index.php?detail_id=41282","show_map":false,"show_map_link":true,"hide_from_listings":false,"sticky":false,"featured":false,"categories":[],"tags":[],"venue":{"id":479,"author":"1","status":"publish","date":"2024-01-27 06:54:28","date_utc":"0000-00-00 00:00:00","modified":"2024-01-27 06:54:28","modified_utc":"0000-00-00 00:00:00","url":"https:\/\/die-gartenschule.de\/blog\/?tribe_venue=bildungsstaette-gartenbau-giessener-strasse-47-35305-gruenberg","venue":"Bildungsst\u00e4tte Gartenbau, Gie\u00dfener Stra\u00dfe 47, 35305 Gr\u00fcnberg","slug":"bildungsstaette-gartenbau-giessener-strasse-47-35305-gruenberg","json_ld":{"@type":"Place","name":"Bildungsst\u00e4tte Gartenbau, Gie\u00dfener Stra\u00dfe 47, 35305 Gr\u00fcnberg","description":"","url":"","address":{"@type":"PostalAddress"},"telephone":"","sameAs":""},"show_map":true,"show_map_link":true,"global_id":"die-gartenschule.de\/blog?id=479","global_id_lineage":["die-gartenschule.de\/blog?id=479"]},"organizer":[{"id":480,"author":"1","status":"publish","date":"2024-01-27 06:54:28","date_utc":"0000-00-00 00:00:00","modified":"2024-01-27 06:54:28","modified_utc":"0000-00-00 00:00:00","url":"https:\/\/die-gartenschule.de\/blog\/?tribe_organizer=bildungsstaette-gartenbau-giessener-strasse-47-35305-gruenberg","organizer":"Bildungsst\u00e4tte Gartenbau, Gie\u00dfener Stra\u00dfe 47, 35305 Gr\u00fcnberg","slug":"bildungsstaette-gartenbau-giessener-strasse-47-35305-gruenberg","json_ld":{"@type":"Person","name":"Bildungsst\u00e4tte Gartenbau, Gie\u00dfener Stra\u00dfe 47, 35305 Gr\u00fcnberg","description":"","url":"","telephone":"","email":"","sameAs":""},"global_id":"die-gartenschule.de\/blog?id=480","global_id_lineage":["die-gartenschule.de\/blog?id=480"]}],"custom_fields":[],"json_ld":{"@context":"http:\/\/schema.org","@type":"Event","name":"Geh\u00f6lzschnitt im \u00f6ffentlichen und privaten Gr\u00fcn","description":"&lt;p&gt;Durch gezielte Schnittma\u00dfnahmen an Zier- und Wildgeh\u00f6lzen wird die nat\u00fcrliche Sch\u00f6nheit erhalten und die Gesundheit und Bl\u00fcte gef\u00f6rdert. Statt der vermeintlich schnelleren Einheitsschnitte wird durch selektive Schneidearbeiten der Pflegeaufwand deutlich &hellip; &lt;\/p&gt;\\n&lt;p class=&quot;link-more&quot;&gt;&lt;a href=&quot;https:\/\/die-gartenschule.de\/blog\/?tribe_events=gehoelzschnitt-im-oeffentlichen-und-privaten-gruen-3&quot; class=&quot;more-link&quot;&gt;&lt;span class=&quot;screen-reader-text&quot;&gt;\u201eGeh\u00f6lzschnitt im \u00f6ffentlichen und privaten Gr\u00fcn\u201c&lt;\/span&gt; weiterlesen&lt;\/a&gt;&lt;\/p&gt;\\n","image":"https:\/\/die-gartenschule.de\/blog\/wp-content\/uploads\/2025\/11\/Gehoelzschnitt-Gudrun-3.jpg","url":"https:\/\/die-gartenschule.de\/blog\/?tribe_events=gehoelzschnitt-im-oeffentlichen-und-privaten-gruen-3","eventAttendanceMode":"https:\/\/schema.org\/OfflineEventAttendanceMode","eventStatus":"https:\/\/schema.org\/EventScheduled","startDate":"2026-10-27T12:00:00+00:00","endDate":"2026-10-29T13:30:00+00:00","location":{"@type":"Place","name":"Bildungsst\u00e4tte Gartenbau, Gie\u00dfener Stra\u00dfe 47, 35305 Gr\u00fcnberg","description":"","url":"","address":{"@type":"PostalAddress"},"telephone":"","sameAs":""},"organizer":{"@type":"Person","name":"Bildungsst\u00e4tte Gartenbau, Gie\u00dfener Stra\u00dfe 47, 35305 Gr\u00fcnberg","description":"","url":"","telephone":"","email":"","sameAs":""},"performer":"Organization"},"ticketed":false}