{"id":128,"date":"2021-01-20T09:13:53","date_gmt":"2021-01-20T09:13:53","guid":{"rendered":"http:\/\/die-gartenschule.de\/blog\/?p=128"},"modified":"2021-01-20T09:13:53","modified_gmt":"2021-01-20T09:13:53","slug":"wem-kribbelt-es-schon-in-den-haenden","status":"publish","type":"post","link":"https:\/\/die-gartenschule.de\/blog\/?p=128","title":{"rendered":"Wem kribbelt es schon in den H\u00e4nden?"},"content":{"rendered":"\n<p>2021 ist schon wieder fast drei &nbsp;Wochen alt, sind Sie noch im Wintermodus oder\nkribbelt es schon wieder in den H\u00e4nden, dass es drau\u00dfen endlich wieder los\ngeht?<\/p>\n\n\n\n<p>Ich bin ja irgendwann im Herbst eigentlich immer froh, dass\nmal Ruhe im Garten einkehrt. Wobei ich jede&nbsp;\nJahreszeit im Garten genie\u00dfen kann. Auf Instagram werden ab Herbst Fotos\nmit Sommerr\u00fcckblicken und ab Januar mit Fr\u00fchlingsvorschauen gepostet. Ich bin\nder Meinung, dass es auch im winterlichen Garten so viel zu entdecken gibt.<\/p>\n\n\n\n<figure class=\"wp-block-image size-large\"><img loading=\"lazy\" decoding=\"async\" width=\"1024\" height=\"768\" src=\"https:\/\/die-gartenschule.de\/blog\/wp-content\/uploads\/2021\/01\/Samenst\u00e4nde-2-1024x768.jpeg\" alt=\"\" class=\"wp-image-127\" srcset=\"https:\/\/die-gartenschule.de\/blog\/wp-content\/uploads\/2021\/01\/Samenst\u00e4nde-2-1024x768.jpeg 1024w, https:\/\/die-gartenschule.de\/blog\/wp-content\/uploads\/2021\/01\/Samenst\u00e4nde-2-300x225.jpeg 300w, https:\/\/die-gartenschule.de\/blog\/wp-content\/uploads\/2021\/01\/Samenst\u00e4nde-2-768x576.jpeg 768w, https:\/\/die-gartenschule.de\/blog\/wp-content\/uploads\/2021\/01\/Samenst\u00e4nde-2-1536x1152.jpeg 1536w, https:\/\/die-gartenschule.de\/blog\/wp-content\/uploads\/2021\/01\/Samenst\u00e4nde-2-2048x1536.jpeg 2048w\" sizes=\"auto, (max-width: 767px) 89vw, (max-width: 1000px) 54vw, (max-width: 1071px) 543px, 580px\" \/><figcaption>Asternpuschel vor Brandkrautetagen<\/figcaption><\/figure>\n\n\n\n<p>Das Stehenlassen der Staudenbeete im Herbst hat nur\nVorteile:<\/p>\n\n\n\n<ol class=\"wp-block-list\"><li>In den hohlen oder markhaltigen St\u00e4ngeln k\u00f6nnen Insekten \u00fcberwintern. Dazu muss der St\u00e4ngel aber entweder umgeknickt oder angeschnitten worden sein. Wie soll sonst das Insekt dort reinkommen?<\/li><li>Die \u00dcberwinterungs- und Erneuerungsknospen sind durch die vertrocknete Blatt- und St\u00e4ngelmasse besser vor Frost gesch\u00fctzt.<\/li><li>Es gibt den ganzen Sp\u00e4therbst und Fr\u00fchwinter noch wirklich tolle Bilder und Details im Garten zu sehen.<\/li><li>Viele Samenst\u00e4nde liefern in unserer immer aufger\u00e4umteren Landschaft Nahrung f\u00fcr V\u00f6gel und andere Tiere. <\/li><\/ol>\n\n\n\n<figure class=\"wp-block-image size-large\"><img loading=\"lazy\" decoding=\"async\" width=\"768\" height=\"1024\" src=\"https:\/\/die-gartenschule.de\/blog\/wp-content\/uploads\/2021\/01\/Agastache-Raureif-2-768x1024.jpeg\" alt=\"\" class=\"wp-image-130\" srcset=\"https:\/\/die-gartenschule.de\/blog\/wp-content\/uploads\/2021\/01\/Agastache-Raureif-2-768x1024.jpeg 768w, https:\/\/die-gartenschule.de\/blog\/wp-content\/uploads\/2021\/01\/Agastache-Raureif-2-225x300.jpeg 225w, https:\/\/die-gartenschule.de\/blog\/wp-content\/uploads\/2021\/01\/Agastache-Raureif-2-1152x1536.jpeg 1152w, https:\/\/die-gartenschule.de\/blog\/wp-content\/uploads\/2021\/01\/Agastache-Raureif-2-1536x2048.jpeg 1536w, https:\/\/die-gartenschule.de\/blog\/wp-content\/uploads\/2021\/01\/Agastache-Raureif-2-scaled.jpeg 1920w\" sizes=\"auto, (max-width: 767px) 89vw, (max-width: 1000px) 54vw, (max-width: 1071px) 543px, 580px\" \/><figcaption>Staudenbeet im Winter<\/figcaption><\/figure>\n\n\n\n<p>Wenn Sie allerdings viele Blumenzwiebeln in Ihren Beeten haben, muss der R\u00fcckschnitt deswegen ziemlich fr\u00fch im Jahr durchgef\u00fchrt werden. Februar ist in dieser Hinsicht optimal, aber dann sollten Sie das abgeschnittene Material nicht zerkleinern oder komplett auf den Kompost geben. Besser w\u00e4re es, die St\u00e4ngel separat zu lagern, damit alle Insekten die M\u00f6glichkeit haben zu schl\u00fcpfen oder aus dem Winterschlaf zu erwachen. Dies ist aber bei vielen Arten erst im April oder je nach Wetter sogar erst im Mai der Fall. Sehr dicke und markhaltige St\u00e4ngel k\u00f6nnen Sie auch auf eine L\u00e4nge k\u00fcrzen und senkrecht ( !) &nbsp;an einem Zaunpfosten oder \u00e4hnlichem befestigen. <\/p>\n\n\n\n<p>Gro\u00dfblumige Zwiebelarten wie Narzissen, Tulpen oder\nZierlauch brauchen N\u00e4hrstoffe, damit sie auch im Fr\u00fchling 2022 wieder bl\u00fchen\nk\u00f6nnen. Da der Lebenszyklus der Fr\u00fchlingszwiebeln vom Austrieb \u00fcber die Bl\u00fcte\nbis zum Welken in nur ein paar Wochen durchlaufen wird, sollten Sie das\naustreibende Zwiebelgr\u00fcn ab jetzt bis sp\u00e4testens Mitte Februar ged\u00fcngt haben.\nMein organischer D\u00fcnger braucht ja auch eine gewisse Zeit, bis er umgesetzt\nwird.<\/p>\n\n\n\n<p>Ansonsten habe ich angefangen, Kompost zu sieben und auf den\nBeeten auszubringen. Das ist zwar f\u00fcr das Leben im Kompost nicht optimal, aber\nin ein paar Wochen habe ich daf\u00fcr keine Zeit mehr.<\/p>\n\n\n\n<figure class=\"wp-block-image size-large\"><img loading=\"lazy\" decoding=\"async\" width=\"768\" height=\"1024\" src=\"https:\/\/die-gartenschule.de\/blog\/wp-content\/uploads\/2021\/01\/Anaphalis-Raureif-768x1024.jpeg\" alt=\"\" class=\"wp-image-131\" srcset=\"https:\/\/die-gartenschule.de\/blog\/wp-content\/uploads\/2021\/01\/Anaphalis-Raureif-768x1024.jpeg 768w, https:\/\/die-gartenschule.de\/blog\/wp-content\/uploads\/2021\/01\/Anaphalis-Raureif-225x300.jpeg 225w, https:\/\/die-gartenschule.de\/blog\/wp-content\/uploads\/2021\/01\/Anaphalis-Raureif-1152x1536.jpeg 1152w, https:\/\/die-gartenschule.de\/blog\/wp-content\/uploads\/2021\/01\/Anaphalis-Raureif-1536x2048.jpeg 1536w, https:\/\/die-gartenschule.de\/blog\/wp-content\/uploads\/2021\/01\/Anaphalis-Raureif-scaled.jpeg 1920w\" sizes=\"auto, (max-width: 767px) 89vw, (max-width: 1000px) 54vw, (max-width: 1071px) 543px, 580px\" \/><figcaption>Perlk\u00f6rbchen im Winter<\/figcaption><\/figure>\n\n\n\n<p>Die vergangenen und n\u00e4chsten Tage sollen sehr nass und\nregnerisch werden, das ist aber f\u00fcr den Boden immer noch n\u00f6tig. 2017 hatten wir\nin Solingen noch 1152 Liter Regen pro Quadratmeter ( eigene Aufzeichnungen hier\nin Merscheid), 2018 waren es nur 769 Liter, 2019 nur 783 Liter und im letzten\nJahr nur 734 Liter. Der Boden ist in der Tiefe von 1,8 Meter immer noch\nausgetrocknet bei uns. Wenn Sie ihre Regentonnen im Herbst nicht geleert haben,\nvergie\u00dfen Sie das Wasser ruhig im Garten, auch wenn die Nachbarn denken, dass\nSie etwas seltsam sind\u2026<\/p>\n\n\n\n<p>Ich w\u00fcnsche Ihnen ein sch\u00f6nes und hoffentlich etwas nasseres\nGartenjahr 2021.<\/p>\n\n\n\n<figure class=\"wp-block-image size-large\"><img loading=\"lazy\" decoding=\"async\" width=\"1024\" height=\"768\" src=\"https:\/\/die-gartenschule.de\/blog\/wp-content\/uploads\/2021\/01\/Blumenzwiebeln-1024x768.jpeg\" alt=\"\" class=\"wp-image-133\" srcset=\"https:\/\/die-gartenschule.de\/blog\/wp-content\/uploads\/2021\/01\/Blumenzwiebeln-1024x768.jpeg 1024w, https:\/\/die-gartenschule.de\/blog\/wp-content\/uploads\/2021\/01\/Blumenzwiebeln-300x225.jpeg 300w, https:\/\/die-gartenschule.de\/blog\/wp-content\/uploads\/2021\/01\/Blumenzwiebeln-768x576.jpeg 768w, https:\/\/die-gartenschule.de\/blog\/wp-content\/uploads\/2021\/01\/Blumenzwiebeln-1536x1152.jpeg 1536w, https:\/\/die-gartenschule.de\/blog\/wp-content\/uploads\/2021\/01\/Blumenzwiebeln.jpeg 2048w\" sizes=\"auto, (max-width: 767px) 89vw, (max-width: 1000px) 54vw, (max-width: 1071px) 543px, 580px\" \/><figcaption>D\u00fcngung beim Zwiebelaustrieb nicht vergessen<\/figcaption><\/figure>\n\n\n\n<p>Bald erfreuen uns die Schneegl\u00f6ckchen, es dauert nicht mehr\nlange.<\/p>\n\n\n\n<p>Ihre G\u00e4rtnermeisterin<\/p>\n\n\n\n<p>Anja Berger<\/p>\n","protected":false},"excerpt":{"rendered":"<p>2021 ist schon wieder fast drei &nbsp;Wochen alt, sind Sie noch im Wintermodus oder kribbelt es schon wieder in den H\u00e4nden, dass es drau\u00dfen endlich wieder los geht? Ich bin &hellip; <\/p>\n<p class=\"link-more\"><a href=\"https:\/\/die-gartenschule.de\/blog\/?p=128\" class=\"more-link\"><span class=\"screen-reader-text\">\u201eWem kribbelt es schon in den H\u00e4nden?\u201c<\/span> weiterlesen<\/a><\/p>\n","protected":false},"author":1,"featured_media":0,"comment_status":"open","ping_status":"open","sticky":false,"template":"","format":"standard","meta":{"_price":"","_stock":"","_tribe_ticket_header":"","_tribe_default_ticket_provider":"","_tribe_ticket_capacity":"0","_ticket_start_date":"","_ticket_end_date":"","_tribe_ticket_show_description":"","_tribe_ticket_show_not_going":false,"_tribe_ticket_use_global_stock":"","_tribe_ticket_global_stock_level":"","_global_stock_mode":"","_global_stock_cap":"","_tribe_rsvp_for_event":"","_tribe_ticket_going_count":"","_tribe_ticket_not_going_count":"","_tribe_tickets_list":"[]","_tribe_ticket_has_attendee_info_fields":false,"footnotes":""},"categories":[1],"tags":[18,46,43,45,44],"class_list":["post-128","post","type-post","status-publish","format-standard","hentry","category-garten","tag-blumenzwiebeln","tag-fruehjahr","tag-januar","tag-rueckschnitt","tag-stauden-im-winter"],"_links":{"self":[{"href":"https:\/\/die-gartenschule.de\/blog\/index.php?rest_route=\/wp\/v2\/posts\/128","targetHints":{"allow":["GET"]}}],"collection":[{"href":"https:\/\/die-gartenschule.de\/blog\/index.php?rest_route=\/wp\/v2\/posts"}],"about":[{"href":"https:\/\/die-gartenschule.de\/blog\/index.php?rest_route=\/wp\/v2\/types\/post"}],"author":[{"embeddable":true,"href":"https:\/\/die-gartenschule.de\/blog\/index.php?rest_route=\/wp\/v2\/users\/1"}],"replies":[{"embeddable":true,"href":"https:\/\/die-gartenschule.de\/blog\/index.php?rest_route=%2Fwp%2Fv2%2Fcomments&post=128"}],"version-history":[{"count":5,"href":"https:\/\/die-gartenschule.de\/blog\/index.php?rest_route=\/wp\/v2\/posts\/128\/revisions"}],"predecessor-version":[{"id":136,"href":"https:\/\/die-gartenschule.de\/blog\/index.php?rest_route=\/wp\/v2\/posts\/128\/revisions\/136"}],"wp:attachment":[{"href":"https:\/\/die-gartenschule.de\/blog\/index.php?rest_route=%2Fwp%2Fv2%2Fmedia&parent=128"}],"wp:term":[{"taxonomy":"category","embeddable":true,"href":"https:\/\/die-gartenschule.de\/blog\/index.php?rest_route=%2Fwp%2Fv2%2Fcategories&post=128"},{"taxonomy":"post_tag","embeddable":true,"href":"https:\/\/die-gartenschule.de\/blog\/index.php?rest_route=%2Fwp%2Fv2%2Ftags&post=128"}],"curies":[{"name":"wp","href":"https:\/\/api.w.org\/{rel}","templated":true}]}}