{"id":64,"date":"2020-04-01T04:21:00","date_gmt":"2020-04-01T04:21:00","guid":{"rendered":"http:\/\/die-gartenschule.de\/blog\/?p=64"},"modified":"2020-06-22T13:25:53","modified_gmt":"2020-06-22T13:25:53","slug":"garten-im-april","status":"publish","type":"post","link":"https:\/\/die-gartenschule.de\/blog\/?p=64","title":{"rendered":"Garten im April"},"content":{"rendered":"\n<p>In dieser wirklich verr\u00fcckten unwirklichen Zeit ist\nwahrscheinlich jeder doppelt dankbar f\u00fcr den eigenen Garten oder Balkon\u2026<\/p>\n\n\n\n<figure class=\"wp-block-image size-large\"><img loading=\"lazy\" decoding=\"async\" width=\"1024\" height=\"768\" src=\"https:\/\/die-gartenschule.de\/blog\/wp-content\/uploads\/2020\/03\/Narcissus-1024x768.jpg\" alt=\"Narzissen\" class=\"wp-image-66\" srcset=\"https:\/\/die-gartenschule.de\/blog\/wp-content\/uploads\/2020\/03\/Narcissus-1024x768.jpg 1024w, https:\/\/die-gartenschule.de\/blog\/wp-content\/uploads\/2020\/03\/Narcissus-300x225.jpg 300w, https:\/\/die-gartenschule.de\/blog\/wp-content\/uploads\/2020\/03\/Narcissus-768x576.jpg 768w, https:\/\/die-gartenschule.de\/blog\/wp-content\/uploads\/2020\/03\/Narcissus-1536x1152.jpg 1536w, https:\/\/die-gartenschule.de\/blog\/wp-content\/uploads\/2020\/03\/Narcissus-2048x1536.jpg 2048w\" sizes=\"auto, (max-width: 767px) 89vw, (max-width: 1000px) 54vw, (max-width: 1071px) 543px, 580px\" \/><figcaption>Narzissen bringen erste Farbe, aber sollten nach der Bl\u00fcte ausgeputzt werden.<\/figcaption><\/figure>\n\n\n\n<p>Wenn Sie im Garten fr\u00fche Narzissen haben, die schon verbl\u00fcht\nsind, sollten Sie die verbl\u00fchten Bl\u00fcten abschneiden oder abknipsen, damit die\nKraft zur\u00fcck in die Zwiebel geht. Sollten Sie ihre Zwiebelpflanzen immer noch\nnicht ged\u00fcngt haben, k\u00f6nnen Sie auch noch mehrfach mit Fl\u00fcssigd\u00fcnger gie\u00dfen. Fl\u00fcssigd\u00fcnger\nwird nicht im Boden gespeichert, sondern wirkt sofort. Eigentlich gie\u00dft man mit\nihm nur die K\u00fcbelpflanzen einmal in der Woche. Damit k\u00f6nnen Sie auch schon\nanfangen, jedenfalls mit den alten K\u00fcbelpflanzen.<\/p>\n\n\n\n<p>Topfpflanzen sollten alle zwei, sp\u00e4testens drei Jahre umgetopft werden. Achten Sie auf gute, torffreie Blumenerde ( <a href=\"http:\/\/www.die-gartenschule.de\/#gartenangebot\">siehe mein Angebot<\/a>). Aber auch diese ist nur f\u00fcr ein paar Wochen aufged\u00fcngt &nbsp;und braucht dann durch Fl\u00fcssigd\u00fcnger Nachschub. Mein Tipp ist, sich einen Wochentag zu merken, an dem immer ged\u00fcngt wird. Nach Gef\u00fchl klappt das n\u00e4mlich nie.<\/p>\n\n\n\n<p>Optimal w\u00e4re es, jedes Mal beim Umtopfen einen gr\u00f6\u00dferen Topf\nzu nehmen. Das geht aber irgendwann verst\u00e4ndlicherweise nicht mehr. Dann\nschneiden Sie mit einem alten Messer oder einer alten S\u00e4ge rings rum und auch am\nBoden eine dicke Scheibe durchwurzelter Erde ab, damit im alten Topf wieder\nPlatz f\u00fcr neue Erde geschafft wird.<\/p>\n\n\n\n<p>Ich habe jetzt auch wieder unter meine ganzen K\u00fcbelpflanzen\nUntersetzer gestellt (okay, eigentlich waren es meine Kinder), damit ich mir\ndas Gie\u00dfen im Sommer erleichtere.<\/p>\n\n\n\n<p>Ansonsten sollten die Staudenbeete, Gem\u00fcsebeete, der Rasen, Obstb\u00e4ume und Str\u00e4ucher sp\u00e4testens jetzt mit einem <a href=\"http:\/\/www.die-gartenschule.de\/#gartenangebot\">organischen Universald\u00fcnger <\/a>und\/ oder Kompost versorgt werden, damit den Pflanzen die N\u00e4hrstoffe beim Austrieb auch zur Verf\u00fcgung stehen.<\/p>\n\n\n\n<p>Meine S\u00f6hne haben den Rasen auch schon zweimal gem\u00e4ht und er\nist ged\u00fcngt. Wenn Sie einen Mulchm\u00e4her haben, sollten Sie trotzdem den ersten\nSchnitt nach dem Winter mit einem Fangkorb m\u00e4hen, da der Rasen ja auch im\nWinter w\u00e4chst und dann zu hoch ist.<\/p>\n\n\n\n<p>Im Garten f\u00e4ngt es nun richtig an zu bl\u00fchen: sp\u00e4te\nNarzissen, fr\u00fche Tulpen und mir gef\u00e4lllt besonders gut der Blaustern (Scilla\nsiberica). Dieses Blau ist einfach unbeschreiblich.<\/p>\n\n\n\n<figure class=\"wp-block-image size-large\"><img loading=\"lazy\" decoding=\"async\" width=\"768\" height=\"1024\" src=\"https:\/\/die-gartenschule.de\/blog\/wp-content\/uploads\/2020\/03\/Scilla-siberica-768x1024.jpg\" alt=\"\" class=\"wp-image-65\" srcset=\"https:\/\/die-gartenschule.de\/blog\/wp-content\/uploads\/2020\/03\/Scilla-siberica-768x1024.jpg 768w, https:\/\/die-gartenschule.de\/blog\/wp-content\/uploads\/2020\/03\/Scilla-siberica-225x300.jpg 225w, https:\/\/die-gartenschule.de\/blog\/wp-content\/uploads\/2020\/03\/Scilla-siberica-1152x1536.jpg 1152w, https:\/\/die-gartenschule.de\/blog\/wp-content\/uploads\/2020\/03\/Scilla-siberica-1536x2048.jpg 1536w, https:\/\/die-gartenschule.de\/blog\/wp-content\/uploads\/2020\/03\/Scilla-siberica-scaled.jpg 1920w\" sizes=\"auto, (max-width: 767px) 89vw, (max-width: 1000px) 54vw, (max-width: 1071px) 543px, 580px\" \/><figcaption>Blausternchen (Scilla siberica) bilden mit der Zeit ganze Teppiche.<\/figcaption><\/figure>\n\n\n\n<p>Diese kleine robuste Zwiebelpflanze wird nur 15 bis 20 cm hoch und w\u00e4chst am liebsten im Halbschatten, aber auch im Schatten. Sie bl\u00fcht im M\u00e4rz und April und mit der Zeit verwildert sie im Garten, so dass man irgendwann einen blauen Teppich hat.<\/p>\n\n\n\n<p>Auch der Gefingerte Lerchensporn in der Sorte Corydalis solida&#8217;GP Baker&#8216; leuchtet schon von weitem. Er zieht auch relativ schnell nach der Bl\u00fcte ein und macht Platz f\u00fcr andere Stauden. Wo er sich wohl f\u00fchlt, samt er sich aus.<\/p>\n\n\n\n<figure class=\"wp-block-image size-large\"><img loading=\"lazy\" decoding=\"async\" width=\"1024\" height=\"768\" src=\"https:\/\/die-gartenschule.de\/blog\/wp-content\/uploads\/2020\/03\/Corydalis-GP-Baker-1024x768.jpg\" alt=\"\" class=\"wp-image-67\" srcset=\"https:\/\/die-gartenschule.de\/blog\/wp-content\/uploads\/2020\/03\/Corydalis-GP-Baker-1024x768.jpg 1024w, https:\/\/die-gartenschule.de\/blog\/wp-content\/uploads\/2020\/03\/Corydalis-GP-Baker-300x225.jpg 300w, https:\/\/die-gartenschule.de\/blog\/wp-content\/uploads\/2020\/03\/Corydalis-GP-Baker-768x576.jpg 768w, https:\/\/die-gartenschule.de\/blog\/wp-content\/uploads\/2020\/03\/Corydalis-GP-Baker-1536x1152.jpg 1536w, https:\/\/die-gartenschule.de\/blog\/wp-content\/uploads\/2020\/03\/Corydalis-GP-Baker-2048x1536.jpg 2048w\" sizes=\"auto, (max-width: 767px) 89vw, (max-width: 1000px) 54vw, (max-width: 1071px) 543px, 580px\" \/><figcaption>Der Gefingerte Lerchensporn leuchtet richtig.<\/figcaption><\/figure>\n\n\n\n<p>Sollten Sie zu wenig Blumenzwiebeln momentan im Garten haben, machen Sie sich Notizen und Fotos, damit Sie im Herbst nachlegen k\u00f6nnen.<\/p>\n\n\n\n<p>Geniessen Sie Ihren Garten und bleiben Sie gesund<\/p>\n\n\n\n<p>Ihre G\u00e4rtnermeisterin<\/p>\n\n\n\n<p>Anja Berger<\/p>\n","protected":false},"excerpt":{"rendered":"<p>In dieser wirklich verr\u00fcckten unwirklichen Zeit ist wahrscheinlich jeder doppelt dankbar f\u00fcr den eigenen Garten oder Balkon\u2026 Wenn Sie im Garten fr\u00fche Narzissen haben, die schon verbl\u00fcht sind, sollten Sie &hellip; <\/p>\n<p class=\"link-more\"><a href=\"https:\/\/die-gartenschule.de\/blog\/?p=64\" class=\"more-link\"><span class=\"screen-reader-text\">\u201eGarten im April\u201c<\/span> weiterlesen<\/a><\/p>\n","protected":false},"author":1,"featured_media":0,"comment_status":"open","ping_status":"open","sticky":false,"template":"","format":"standard","meta":{"_price":"","_stock":"","_tribe_ticket_header":"","_tribe_default_ticket_provider":"","_tribe_ticket_capacity":"0","_ticket_start_date":"","_ticket_end_date":"","_tribe_ticket_show_description":"","_tribe_ticket_show_not_going":false,"_tribe_ticket_use_global_stock":"","_tribe_ticket_global_stock_level":"","_global_stock_mode":"","_global_stock_cap":"","_tribe_rsvp_for_event":"","_tribe_ticket_going_count":"","_tribe_ticket_not_going_count":"","_tribe_tickets_list":"[]","_tribe_ticket_has_attendee_info_fields":false,"footnotes":""},"categories":[33,1],"tags":[19,18,16,17,14,15],"class_list":["post-64","post","type-post","status-publish","format-standard","hentry","category-april","category-garten","tag-april","tag-blumenzwiebeln","tag-corydalis","tag-duengung","tag-narzissen","tag-scilla"],"_links":{"self":[{"href":"https:\/\/die-gartenschule.de\/blog\/index.php?rest_route=\/wp\/v2\/posts\/64","targetHints":{"allow":["GET"]}}],"collection":[{"href":"https:\/\/die-gartenschule.de\/blog\/index.php?rest_route=\/wp\/v2\/posts"}],"about":[{"href":"https:\/\/die-gartenschule.de\/blog\/index.php?rest_route=\/wp\/v2\/types\/post"}],"author":[{"embeddable":true,"href":"https:\/\/die-gartenschule.de\/blog\/index.php?rest_route=\/wp\/v2\/users\/1"}],"replies":[{"embeddable":true,"href":"https:\/\/die-gartenschule.de\/blog\/index.php?rest_route=%2Fwp%2Fv2%2Fcomments&post=64"}],"version-history":[{"count":5,"href":"https:\/\/die-gartenschule.de\/blog\/index.php?rest_route=\/wp\/v2\/posts\/64\/revisions"}],"predecessor-version":[{"id":73,"href":"https:\/\/die-gartenschule.de\/blog\/index.php?rest_route=\/wp\/v2\/posts\/64\/revisions\/73"}],"wp:attachment":[{"href":"https:\/\/die-gartenschule.de\/blog\/index.php?rest_route=%2Fwp%2Fv2%2Fmedia&parent=64"}],"wp:term":[{"taxonomy":"category","embeddable":true,"href":"https:\/\/die-gartenschule.de\/blog\/index.php?rest_route=%2Fwp%2Fv2%2Fcategories&post=64"},{"taxonomy":"post_tag","embeddable":true,"href":"https:\/\/die-gartenschule.de\/blog\/index.php?rest_route=%2Fwp%2Fv2%2Ftags&post=64"}],"curies":[{"name":"wp","href":"https:\/\/api.w.org\/{rel}","templated":true}]}}